{"id":386,"date":"2023-11-29T14:03:21","date_gmt":"2023-11-29T13:03:21","guid":{"rendered":"https:\/\/auteursenresidence-turmeliere.fr\/?p=386"},"modified":"2023-11-29T14:03:21","modified_gmt":"2023-11-29T13:03:21","slug":"appel-a-residence-decriture-2024-2025","status":"publish","type":"post","link":"https:\/\/auteursenresidence-turmeliere.fr\/index.php\/2023\/11\/29\/appel-a-residence-decriture-2024-2025\/","title":{"rendered":"Appel \u00e0 r\u00e9sidence d&rsquo;\u00e9criture 2024-2025"},"content":{"rendered":"<div dir=\"auto\">Tous les deux ans, l&rsquo;association La Turmeli\u00e8re re\u00e7oit un.e auteur.trice en r\u00e9sidence d&rsquo;\u00e9criture et m\u00e9diation sur les territoires d&rsquo;Or\u00e9e d&rsquo;Anjou et du Pays d&rsquo;Ancenis.<\/div>\n<div dir=\"auto\">Candidature jusqu&rsquo;au 17 janvier 2024<\/div>\n<div dir=\"auto\">Th\u00e9matique : transitions \u00e9cologiques \/ \u00e9criture documentaire<\/div>\n<div dir=\"auto\">T\u00e9l\u00e9charger le <a href=\"https:\/\/www.turmeliere.org\/uploads\/pdf\/NEWS\/RESIDENCE-TURMELIEREdossier_de%20candidature2024-2025.pdf\" target=\"_blank\" rel=\"noopener\">dossier de candidature<\/a><\/div>\n","protected":false},"excerpt":{"rendered":"<p>Tous les deux ans, l&rsquo;association La Turmeli\u00e8re re\u00e7oit un.e auteur.trice en r\u00e9sidence d&rsquo;\u00e9criture et m\u00e9diation sur les territoires d&rsquo;Or\u00e9e d&rsquo;Anjou et du Pays d&rsquo;Ancenis. Candidature jusqu&rsquo;au 17 janvier 2024 Th\u00e9matique : transitions \u00e9cologiques \/ \u00e9criture documentaire T\u00e9l\u00e9charger le dossier de candidature<\/p>\n","protected":false},"author":1,"featured_media":0,"comment_status":"open","ping_status":"open","sticky":false,"template":"","format":"standard","meta":[],"categories":[1],"tags":[],"_links":{"self":[{"href":"https:\/\/auteursenresidence-turmeliere.fr\/index.php\/wp-json\/wp\/v2\/posts\/386"}],"collection":[{"href":"https:\/\/auteursenresidence-turmeliere.fr\/index.php\/wp-json\/wp\/v2\/posts"}],"about":[{"href":"https:\/\/auteursenresidence-turmeliere.fr\/index.php\/wp-json\/wp\/v2\/types\/post"}],"author":[{"embeddable":true,"href":"https:\/\/auteursenresidence-turmeliere.fr\/index.php\/wp-json\/wp\/v2\/users\/1"}],"replies":[{"embeddable":true,"href":"https:\/\/auteursenresidence-turmeliere.fr\/index.php\/wp-json\/wp\/v2\/comments?post=386"}],"version-history":[{"count":1,"href":"https:\/\/auteursenresidence-turmeliere.fr\/index.php\/wp-json\/wp\/v2\/posts\/386\/revisions"}],"predecessor-version":[{"id":387,"href":"https:\/\/auteursenresidence-turmeliere.fr\/index.php\/wp-json\/wp\/v2\/posts\/386\/revisions\/387"}],"wp:attachment":[{"href":"https:\/\/auteursenresidence-turmeliere.fr\/index.php\/wp-json\/wp\/v2\/media?parent=386"}],"wp:term":[{"taxonomy":"category","embeddable":true,"href":"https:\/\/auteursenresidence-turmeliere.fr\/index.php\/wp-json\/wp\/v2\/categories?post=386"},{"taxonomy":"post_tag","embeddable":true,"href":"https:\/\/auteursenresidence-turmeliere.fr\/index.php\/wp-json\/wp\/v2\/tags?post=386"}],"curies":[{"name":"wp","href":"https:\/\/api.w.org\/{rel}","templated":true}]}}